[{"@context":"https:\/\/schema.org\/","@type":"Article","@id":"https:\/\/www.artneon.cz\/aktivni-dovolena-s-detmi\/#Article","mainEntityOfPage":"https:\/\/www.artneon.cz\/aktivni-dovolena-s-detmi\/","headline":"Aktivn\u00ed dovolen\u00e1 s d\u011btmi","name":"Aktivn\u00ed dovolen\u00e1 s d\u011btmi","description":"Bl\u00ed\u017e\u00ed se doba letn\u00edch dovolen\u00fdch a po\u0159\u00e1d nem\u00e1te domluven\u00e9, kam vyraz\u00edte? Pokud m\u00e1te r\u00e1di ak\u010dn\u00ed dovolen\u00e9 a nel\u00e1k\u00e1 v\u00e1s v\u00e1len\u00ed se u mo\u0159e, m\u016f\u017eete si u\u017e\u00edt ak\u010dn\u00ed dovolenou se v\u0161\u00edm v\u0161udy. T\u00e9to dovolen\u00e9 se nemus\u00edte vzd\u00e1t ani v\u00a0p\u0159\u00edpad\u011b, \u017ee m\u00e1te jednu, dv\u011b \u010di t\u0159i ratolesti. Cestov\u00e1n\u00ed s\u00a0d\u011btmi je samoz\u0159ejm\u011b m\u00edrn\u011b n\u00e1ro\u010dn\u011bj\u0161\u00ed ne\u017e bez d\u011bt\u00ed ale...","datePublished":"2019-05-09","dateModified":"2023-05-01","author":{"@type":"Person","@id":"https:\/\/www.artneon.cz\/author\/#Person","name":"","url":"https:\/\/www.artneon.cz\/author\/","identifier":1,"image":{"@type":"ImageObject","@id":"https:\/\/secure.gravatar.com\/avatar\/163f6c65c8acab43fa062eaf19866aeb6d6c2adc4d5c2462700a89e6feec77a0?s=96&d=mm&r=g","url":"https:\/\/secure.gravatar.com\/avatar\/163f6c65c8acab43fa062eaf19866aeb6d6c2adc4d5c2462700a89e6feec77a0?s=96&d=mm&r=g","height":96,"width":96}},"publisher":{"@type":"Organization","name":"artneon.cz","logo":{"@type":"ImageObject","@id":"\/logo.png","url":"\/logo.png","width":600,"height":60}},"image":{"@type":"ImageObject","@id":"https:\/\/www.artneon.cz\/wp-content\/uploads\/img_a345382_w2114_t1559039692.jpg","url":"https:\/\/www.artneon.cz\/wp-content\/uploads\/img_a345382_w2114_t1559039692.jpg","height":0,"width":0},"url":"https:\/\/www.artneon.cz\/aktivni-dovolena-s-detmi\/","wordCount":456,"articleBody":"Bl\u00ed\u017e\u00ed se doba letn\u00edch dovolen\u00fdch a po\u0159\u00e1d nem\u00e1te domluven\u00e9, kam vyraz\u00edte? Pokud m\u00e1te r\u00e1di ak\u010dn\u00ed dovolen\u00e9 a nel\u00e1k\u00e1 v\u00e1s v\u00e1len\u00ed se u mo\u0159e, m\u016f\u017eete si u\u017e\u00edt ak\u010dn\u00ed dovolenou se v\u0161\u00edm v\u0161udy. T\u00e9to dovolen\u00e9 se nemus\u00edte vzd\u00e1t ani v\u00a0p\u0159\u00edpad\u011b, \u017ee m\u00e1te jednu, dv\u011b \u010di t\u0159i ratolesti. Cestov\u00e1n\u00ed s\u00a0d\u011btmi je samoz\u0159ejm\u011b m\u00edrn\u011b n\u00e1ro\u010dn\u011bj\u0161\u00ed ne\u017e bez d\u011bt\u00ed ale i tak se d\u00e1 kr\u00e1sn\u011b zvl\u00e1dnout a dokonce si jej m\u016f\u017eete i u\u017e\u00edt. Akor\u00e1t po\u010d\u00edtejte s\u00a0t\u00edm, \u017ee s\u00a0d\u011btmi nen\u00ed nic zase tak moc jednoduch\u00e9.\u00b7\u00a0\u00a0\u00a0\u00a0\u00a0\u00a0\u00a0\u00a0 Dovolen\u00e1 na kolechPokud jezd\u00edte r\u00e1di na kolech a va\u0161e d\u011bti jsou v\u00a0cykloseda\u010dk\u00e1ch \u010di na kole jako doma, pak se nebojte vyjet na dovolenou na kolech. M\u00e1te mo\u017enost bu\u010f jet s\u00a0plnou v\u00fdbavou, stanem a spac\u00e1ky, nebo si za\u0159\u00eddit ubytov\u00e1n\u00ed b\u011bhem cesty. Dal\u0161\u00ed mo\u017enost je vyrazit p\u0159\u00edmo n\u011bkam na chatu a z\u00a0tohoto sty\u010dn\u00e9ho bodu vyr\u00e1\u017eet na kolech na v\u00fdlety. Tato varianta je asi nejjednodu\u0161\u0161\u00ed pro rodi\u010de s\u00a0mal\u00fdmi d\u011btmi.\u00b7\u00a0\u00a0\u00a0\u00a0\u00a0\u00a0\u00a0\u00a0 Hur\u00e1 na t\u00faru Pokud jste nad\u0161en\u00ed turist\u00e9, m\u016f\u017eete se vypravit na t\u00faru klidn\u011b i s\u00a0d\u011btmi. I s\u00a0t\u011bmi men\u0161\u00edmi se to d\u00e1, ale mus\u00edte u\u017e volit trochu opatrn\u011bji cesty. Z\u00e1le\u017e\u00ed, zda budete m\u00edt d\u00edt\u011b v\u00a0ko\u010d\u00e1rku, nebo v\u00a0nos\u00edtku. Dle toho tak\u00e9 volte trasu a ter\u00e9n. Pokud zvol\u00edte spr\u00e1vnou trasu s\u00a0ter\u00e9nem, pak se v\u00e1m p\u016fjde skv\u011ble i s\u00a0d\u011btmi. Po\u010d\u00edtejte s\u00a0t\u00edm, \u017ee ani v\u011bt\u0161\u00ed d\u011bti, kolem t\u0159\u00ed a\u017e p\u011bti let toho moc neujdou a budou pot\u0159ebovat ob\u010das trochu ponosit \u010di popov\u00e9zt. Tak\u017ee s\u00a0sebou m\u011bjte n\u011bjakou alternativu, aby nemuseli celou dobu p\u011b\u0161ky.\u00b7\u00a0\u00a0\u00a0\u00a0\u00a0\u00a0\u00a0\u00a0 Dovolen\u00e1 v\u00a0zahrani\u010d\u00edI dovolen\u00e1 v\u00a0zahrani\u010d\u00ed m\u016f\u017ee b\u00fdt aktivn\u00ed a nemus\u00ed b\u00fdt jenom o sezen\u00ed na pl\u00e1\u017ei. M\u016f\u017eete zvolit bu\u010f turisticky p\u0159\u00edv\u011btivou lokalitu, nebo v\u00fdlety po m\u011bstech. N\u00e1v\u0161t\u011bvy v\u011bt\u0161\u00edch m\u011bst v\u00a0ciz\u00edch zem\u00edch jsou pro d\u011bti v\u011bt\u0161inou opravdu z\u00e1bava a z\u00fa\u010dast\u0148uj\u00ed se jich velice r\u00e1di. Pozn\u00e1vat jin\u00e1 m\u011bsta \u010di kultury s\u00a0d\u011btmi tak\u00e9 nemus\u00ed b\u00fdt nejjednodu\u0161\u0161\u00ed, d\u011bti se toti\u017e \u010dasto rychle unav\u00ed a nezvl\u00e1dnou toho tolik kolik dosp\u011bl\u00ed, tak\u017ee s\u00a0t\u00edm mus\u00edte po\u010d\u00edtat.                                                                                                                                                                                                                                                                                                                                                                                        4.2\/5 - (9 votes)        "},{"@context":"https:\/\/schema.org\/","@type":"BreadcrumbList","itemListElement":[{"@type":"ListItem","position":1,"name":"Aktivn\u00ed dovolen\u00e1 s d\u011btmi","item":"https:\/\/www.artneon.cz\/aktivni-dovolena-s-detmi\/#breadcrumbitem"}]}]