[{"@context":"https:\/\/schema.org\/","@type":"Article","@id":"https:\/\/www.artneon.cz\/i-vanocni-uklid-muzete-zvladnout-v-klidu-a-v-pohode\/#Article","mainEntityOfPage":"https:\/\/www.artneon.cz\/i-vanocni-uklid-muzete-zvladnout-v-klidu-a-v-pohode\/","headline":"I v\u00e1no\u010dn\u00ed \u00faklid m\u016f\u017eete zvl\u00e1dnout v klidu a v pohod\u011b","name":"I v\u00e1no\u010dn\u00ed \u00faklid m\u016f\u017eete zvl\u00e1dnout v klidu a v pohod\u011b","description":"V p\u0159edv\u00e1no\u010dn\u00edm obdob\u00ed se v\u0161ichni t\u011b\u0161\u00edme, m\u00e1me dobrou n\u00e1ladu a prozp\u011bvujeme si v\u00e1no\u010dn\u00ed koledy. V moment\u011b, kdy si ale vzpomeneme na v\u00e1no\u010dn\u00ed \u00faklid je v\u0161echna radost pry\u010d. Zat\u00edmco b\u011b\u017en\u00fd \u00faklid si m\u016f\u017eeme dovolit tro\u0161ku odfl\u00e1knout a zapadl\u00fdm kout\u016f se \u00fasp\u011b\u0161n\u011b vyhnout, ten v\u00e1no\u010dn\u00ed gener\u00e1ln\u00ed \u00faklid mus\u00ed b\u00fdt ud\u011blan\u00fd po\u0159\u00e1dn\u011b a se v\u0161\u00edm v\u0161udy. Je nejlep\u0161\u00ed...","datePublished":"2019-11-09","dateModified":"2023-05-01","author":{"@type":"Person","@id":"https:\/\/www.artneon.cz\/author\/#Person","name":"","url":"https:\/\/www.artneon.cz\/author\/","identifier":1,"image":{"@type":"ImageObject","@id":"https:\/\/secure.gravatar.com\/avatar\/163f6c65c8acab43fa062eaf19866aeb6d6c2adc4d5c2462700a89e6feec77a0?s=96&d=mm&r=g","url":"https:\/\/secure.gravatar.com\/avatar\/163f6c65c8acab43fa062eaf19866aeb6d6c2adc4d5c2462700a89e6feec77a0?s=96&d=mm&r=g","height":96,"width":96}},"publisher":{"@type":"Organization","name":"artneon.cz","logo":{"@type":"ImageObject","@id":"\/logo.png","url":"\/logo.png","width":600,"height":60}},"image":{"@type":"ImageObject","@id":"https:\/\/www.artneon.cz\/wp-content\/uploads\/img_a361243_w3353_t1574588307.jpg","url":"https:\/\/www.artneon.cz\/wp-content\/uploads\/img_a361243_w3353_t1574588307.jpg","height":0,"width":0},"url":"https:\/\/www.artneon.cz\/i-vanocni-uklid-muzete-zvladnout-v-klidu-a-v-pohode\/","about":["Domov"],"wordCount":522,"articleBody":"V p\u0159edv\u00e1no\u010dn\u00edm obdob\u00ed se v\u0161ichni t\u011b\u0161\u00edme, m\u00e1me dobrou n\u00e1ladu a prozp\u011bvujeme si v\u00e1no\u010dn\u00ed koledy. V moment\u011b, kdy si ale vzpomeneme na v\u00e1no\u010dn\u00ed \u00faklid je v\u0161echna radost pry\u010d. Zat\u00edmco b\u011b\u017en\u00fd \u00faklid si m\u016f\u017eeme dovolit tro\u0161ku odfl\u00e1knout a zapadl\u00fdm kout\u016f se \u00fasp\u011b\u0161n\u011b vyhnout, ten v\u00e1no\u010dn\u00ed gener\u00e1ln\u00ed \u00faklid mus\u00ed b\u00fdt ud\u011blan\u00fd po\u0159\u00e1dn\u011b a se v\u0161\u00edm v\u0161udy. Je nejlep\u0161\u00ed za\u010d\u00edt postupn\u011b nebo to ud\u011blat v\u0161echno najednou? A kde vlastn\u011b za\u010d\u00edt, kdy\u017e se za seda\u010dkou tak dlouho nevys\u00e1valo a na kuchy\u0148sk\u00e9 lince se prach neut\u00edral u\u017e rok? Porad\u00edme v\u00e1m, jak m\u016f\u017eete zvl\u00e1dnout i vy sv\u016fj v\u00e1no\u010dn\u00ed \u00faklid s \u00fasm\u011bvem na tv\u00e1\u0159i. \u017de to nen\u00ed mo\u017en\u00e9? Ale je a my v\u00e1s o tom p\u0159esv\u011bd\u010d\u00edme.   Nejlep\u0161\u00ed bude, kdy\u017e si rezervujete jeden cel\u00fd den a v\u0161echno zvl\u00e1dnete jedn\u00edm vrzem. Na\u010d to tr\u00e1pen\u00ed tak\u00e9 odkl\u00e1dat, \u017ee? Pokud zvl\u00e1dnete cel\u00fd byt v jeden jedin\u00fd den m\u00e1te vyhr\u00e1no a p\u0159edev\u0161\u00edm u\u017e budete m\u00edt po cel\u00fd advent klid na v\u00e1no\u010dn\u00ed t\u011b\u0161en\u00ed, chyst\u00e1n\u00ed a pe\u010den\u00ed. A kde za\u010d\u00edt? \u0158\u00edk\u00e1 se, \u017ee kuchyn\u011b je srdce ka\u017ed\u00e9ho domova, tak\u017ee logicky bude nejlep\u0161\u00ed za\u010d\u00edt pr\u00e1v\u011b tam. Ur\u010dit\u011b b\u011b\u017en\u011b nevyt\u00edr\u00e1te v\u0161echny poli\u010dky a ve \u0161pajzu m\u00e1te tolik j\u00eddla, \u017ee by si zaslou\u017eilo ho p\u0159et\u0159\u00eddit. Ud\u011blejte si m\u00edsto na v\u00e1no\u010dn\u00ed z\u00e1soby a proberte v\u0161echno, co doma najdete. V\u011bci, kter\u00e9 u\u017e jsou pro\u0161l\u00e9, vyho\u010fte a v\u0161echno srovnejte. Uvid\u00edte, kolik m\u00edsta najednou z\u00edsk\u00e1te. Stejn\u011b postupujte i v ostatn\u00edch m\u00edstnostech. Je pot\u0159eba si uv\u011bdomit, \u017ee s p\u0159\u00edchodem Je\u017e\u00ed\u0161ka budete m\u00edt hodn\u011b nov\u00fdch v\u011bc\u00ed, kter\u00e9 je pot\u0159eba n\u011bkam d\u016fstojn\u011b ulo\u017eit. Prot\u0159i\u010fte tak\u00e9 v\u011bci v koupeln\u011b, ud\u011blejte si po\u0159\u00e1dek v kosmetice a v\u0161echny poli\u010dky a sk\u0159\u00ed\u0148ky po\u0159\u00e1dn\u011b vymyjte. Bu\u010fte nemilosrdn\u00ed a opravdu v\u0161echno zbyte\u010dn\u00e9 nebo pro\u0161l\u00e9 vyho\u010fte. Kdy\u017e u\u017e v tom budete, nezapome\u0148te se zastavit tak\u00e9 ve va\u0161\u00ed \u0161atn\u00ed sk\u0159\u00edni, v botn\u00edku a tak\u00e9 v d\u011btsk\u00e9m pokoji. \u017de si va\u0161e d\u011bti u\u017e s t\u011bmito hra\u010dkami roky nehraj\u00ed? Darujte je nebo ty rozbit\u00e9 vyho\u010fte. Jen a\u0165 m\u00e1te m\u00edsto.  A jak nakonec postupovat v samotn\u00e9m \u00faklidu? Vemte to od shora dol\u016f a tentokr\u00e1t opravdu poctiv\u011b. Nep\u0159iv\u00edrejte o\u010di p\u0159ed \u017e\u00e1dn\u00fdm koutem a nebojte se vy\u0161plhat i tak nahoru na tu vysokou sk\u0159\u00ed\u0148. Prach si cesti\u010dku najde kamkoliv a budete se divit, co v\u0161echno tak p\u0159i d\u016fkladn\u00e9m \u00faklidu m\u016f\u017eete objevit. Uklidit v\u00e1s m\u016f\u017ee alespo\u0148 my\u0161lenka, \u017ee na cel\u00fd rok m\u00e1te zase pokoj.                                                                                                                                                                                                                                                                                                                                                                                         4.1\/5 - (10 votes)        "},{"@context":"https:\/\/schema.org\/","@type":"BreadcrumbList","itemListElement":[{"@type":"ListItem","position":1,"name":"I v\u00e1no\u010dn\u00ed \u00faklid m\u016f\u017eete zvl\u00e1dnout v klidu a v pohod\u011b","item":"https:\/\/www.artneon.cz\/i-vanocni-uklid-muzete-zvladnout-v-klidu-a-v-pohode\/#breadcrumbitem"}]}]