[{"@context":"https:\/\/schema.org\/","@type":"Article","@id":"https:\/\/www.artneon.cz\/kdy-je-vhodne-nosit-reklamni-cepice\/#Article","mainEntityOfPage":"https:\/\/www.artneon.cz\/kdy-je-vhodne-nosit-reklamni-cepice\/","headline":"Kdy je vhodn\u00e9 nosit reklamn\u00ed \u010depice","name":"Kdy je vhodn\u00e9 nosit reklamn\u00ed \u010depice","description":"Je jasn\u00e9, \u017ee marketing je jedn\u00edm ze z\u00e1kladn\u00edch kamen\u016f ka\u017ed\u00e9 \u00fasp\u011b\u0161n\u00e9 firmy. Aby si toti\u017e lid\u00e9 n\u00e1\u0161 v\u00fdrobek \u010di slu\u017ebu kupovali, mus\u00edme je nejprve p\u0159esv\u011bd\u010dit o tom, \u017ee by to m\u011bli ud\u011blat. Ot\u00e1zkou ov\u0161em je, jak\u00fdm zp\u016fsobem. Propagace m\u016f\u017ee m\u00edt mnoho nejr\u016fzn\u011bj\u0161\u00edch podob. Jednou z nich jsou pak i nejr\u016fzn\u011bj\u0161\u00ed propaga\u010dn\u00ed p\u0159edm\u011bty, jako jsou t\u0159eba...","datePublished":"2021-12-28","dateModified":"2023-05-01","author":{"@type":"Person","@id":"https:\/\/www.artneon.cz\/author\/#Person","name":"","url":"https:\/\/www.artneon.cz\/author\/","identifier":1,"image":{"@type":"ImageObject","@id":"https:\/\/secure.gravatar.com\/avatar\/163f6c65c8acab43fa062eaf19866aeb6d6c2adc4d5c2462700a89e6feec77a0?s=96&d=mm&r=g","url":"https:\/\/secure.gravatar.com\/avatar\/163f6c65c8acab43fa062eaf19866aeb6d6c2adc4d5c2462700a89e6feec77a0?s=96&d=mm&r=g","height":96,"width":96}},"publisher":{"@type":"Organization","name":"artneon.cz","logo":{"@type":"ImageObject","@id":"\/logo.png","url":"\/logo.png","width":600,"height":60}},"image":{"@type":"ImageObject","@id":"https:\/\/www.artneon.cz\/wp-content\/uploads\/cepice2_1.png","url":"https:\/\/www.artneon.cz\/wp-content\/uploads\/cepice2_1.png","height":0,"width":0},"url":"https:\/\/www.artneon.cz\/kdy-je-vhodne-nosit-reklamni-cepice\/","about":["Zbo\u017e\u00ed"],"wordCount":439,"articleBody":"   Je jasn\u00e9, \u017ee marketing je jedn\u00edm ze z\u00e1kladn\u00edch kamen\u016f ka\u017ed\u00e9 \u00fasp\u011b\u0161n\u00e9 firmy. Aby si toti\u017e lid\u00e9 n\u00e1\u0161 v\u00fdrobek \u010di slu\u017ebu kupovali, mus\u00edme je nejprve p\u0159esv\u011bd\u010dit o tom, \u017ee by to m\u011bli ud\u011blat. Ot\u00e1zkou ov\u0161em je, jak\u00fdm zp\u016fsobem.Propagace m\u016f\u017ee m\u00edt mnoho nejr\u016fzn\u011bj\u0161\u00edch podob. Jednou z nich jsou pak i nejr\u016fzn\u011bj\u0161\u00ed propaga\u010dn\u00ed p\u0159edm\u011bty, jako jsou t\u0159eba reklamn\u00ed \u010depice. Ty pat\u0159\u00ed k t\u011bm pon\u011bkud obvyklej\u0161\u00edm. Jejich nej\u010dast\u011bj\u0161\u00edmi typy jsou k\u0161iltovka a klasick\u00fd zimn\u00ed kulich.Obvykle na sob\u011b maj\u00ed n\u00e1zev firmy a jej\u00ed logo, p\u0159\u00edpadn\u011b i heslo, to v\u0161e um\u00edst\u011bn\u00e9 vep\u0159edu. \u00damysl je zde takov\u00fd, \u017ee je lid\u00e9 budou nosit, a ostatn\u00ed to uvid\u00ed. P\u0159epadne je zv\u011bdavost, o jakou firmu se vlastn\u011b jedn\u00e1, a nav\u00edc j\u00ed budou i v\u00edce v\u011b\u0159it, nebo\u0165 vid\u00ed ostatn\u00ed, jak nos\u00ed oble\u010den\u00ed s jej\u00edm logem. To toti\u017e bude pro n\u011b sign\u00e1l, \u017ee s nimi byli spokojeni.Ot\u00e1zkou samoz\u0159ejm\u011b je, jestli se skute\u010dn\u011b chceme k n\u011b\u010demu takov\u00e9mu prop\u016fj\u010dit. Skute\u010dn\u011b s danou firmou souhlas\u00edme natolik, \u017ee jsme ochotni ji t\u00edmto zp\u016fsobem propagovat? Nav\u00edc je tu je\u0161t\u011b probl\u00e9m toho, abychom s onou \u010depic\u00ed nevypadali hloup\u011b. Proto je dobr\u00e9 se zamyslet, kdy je vhodn\u00e9 si ji nasadit.V prvn\u00ed \u0159ad\u011b je jasn\u00e9, \u017ee se nehod\u00ed, abychom v n\u00ed chodili nap\u0159\u00edklad do zam\u011bstn\u00e1n\u00ed, nebo dokonce na obchodn\u00ed \u010di jin\u00e1 jedn\u00e1n\u00ed. Tak\u00e9 v p\u0159\u00edpad\u011b, \u017ee jdeme na pracovn\u00ed pohovor, nebude vyvol\u00e1vat ten nejlep\u0161\u00ed dojem. P\u016fsob\u00ed toti\u017e tak, \u017ee nem\u00e1me na to, abychom si koupili norm\u00e1ln\u00ed \u010depici, a mus\u00edme vz\u00edt zavd\u011bk t\u00edm, co dostaneme zadarmo v r\u00e1mci r\u016fzn\u00fdch reklamn\u00edch akc\u00ed.Znamen\u00e1 to tedy, \u017ee bychom ji m\u011bli hodit do sk\u0159\u00edn\u011b a zapomenout na ni? Ne nezbytn\u011b. Hod\u00ed se nap\u0159\u00edklad tam, kde se nemus\u00edme starat o to, jak jsme oble\u010den\u00ed, p\u0159\u00edpadn\u011b kde po\u010d\u00edt\u00e1me s t\u00edm, \u017ee se n\u00e1\u0161 od\u011bv m\u016f\u017ee po\u0161kodit. Mohou to b\u00fdt nap\u0159\u00edklad stavebn\u00ed \u010di kutilsk\u00e9 pr\u00e1ce, v\u00fdlety do p\u0159\u00edrody, ale i jin\u00e9, kde je d\u016fle\u017eit\u011bj\u0161\u00ed funkce ne\u017e vzhled.Rozhodn\u011b se n\u00e1m tedy m\u016f\u017ee vyplatit, a pokud m\u00e1me mo\u017enost ji z\u00edskat, rozhodn\u011b bychom do toho m\u011bli j\u00edt. V \u017e\u00e1dn\u00e9m p\u0159\u00edpad\u011b tak neprohloup\u00edme.                                                                                                                                                                                                                                                                                                                                                                                          3.9\/5 - (10 votes)        "},{"@context":"https:\/\/schema.org\/","@type":"BreadcrumbList","itemListElement":[{"@type":"ListItem","position":1,"name":"Kdy je vhodn\u00e9 nosit reklamn\u00ed \u010depice","item":"https:\/\/www.artneon.cz\/kdy-je-vhodne-nosit-reklamni-cepice\/#breadcrumbitem"}]}]