{"@context":"https:\/\/schema.org\/","@type":"CollectionPage","@id":"https:\/\/www.artneon.cz\/muzi\/#CollectionPage","headline":"Mu\u017ei Category","description":"","url":"https:\/\/www.artneon.cz\/muzi\/","hasPart":[{"@type":"Article","@id":"https:\/\/www.artneon.cz\/kdyz-si-muz-mysli-ze-vse-musi-byt-podle-neho\/","headline":"Kdy\u017e si mu\u017e mysl\u00ed, \u017ee v\u0161e mus\u00ed b\u00fdt podle n\u011bho","url":"https:\/\/www.artneon.cz\/kdyz-si-muz-mysli-ze-vse-musi-byt-podle-neho\/","datePublished":"2022-04-23","dateModified":"2023-05-01","mainEntityOfPage":"https:\/\/www.artneon.cz\/kdyz-si-muz-mysli-ze-vse-musi-byt-podle-neho\/","author":{"@type":"Person","@id":"https:\/\/www.artneon.cz\/author\/#Person","name":"","url":"https:\/\/www.artneon.cz\/author\/","identifier":1,"image":{"@type":"ImageObject","@id":"https:\/\/secure.gravatar.com\/avatar\/163f6c65c8acab43fa062eaf19866aeb6d6c2adc4d5c2462700a89e6feec77a0?s=96&d=mm&r=g","url":"https:\/\/secure.gravatar.com\/avatar\/163f6c65c8acab43fa062eaf19866aeb6d6c2adc4d5c2462700a89e6feec77a0?s=96&d=mm&r=g","height":96,"width":96}},"publisher":{"@type":"Organization","name":"artneon.cz","logo":{"@type":"ImageObject","@id":"\/logo.png","url":"\/logo.png","width":600,"height":60}},"image":{"@type":"ImageObject","@id":"https:\/\/www.artneon.cz\/wp-content\/uploads\/mu%C5%BE%20sed%C3%ADc%C3%AD_2.JPG","url":"https:\/\/www.artneon.cz\/wp-content\/uploads\/mu%C5%BE%20sed%C3%ADc%C3%AD_2.JPG","height":0,"width":0},"keywords":null},{"@type":"Article","@id":"https:\/\/www.artneon.cz\/zeny-jako-hadr-na-holi\/","headline":"\u017deny jako hadr na holi","url":"https:\/\/www.artneon.cz\/zeny-jako-hadr-na-holi\/","datePublished":"2019-08-05","dateModified":"2023-05-01","mainEntityOfPage":"https:\/\/www.artneon.cz\/zeny-jako-hadr-na-holi\/","author":{"@type":"Person","@id":"https:\/\/www.artneon.cz\/author\/#Person","name":"","url":"https:\/\/www.artneon.cz\/author\/","identifier":1,"image":{"@type":"ImageObject","@id":"https:\/\/secure.gravatar.com\/avatar\/163f6c65c8acab43fa062eaf19866aeb6d6c2adc4d5c2462700a89e6feec77a0?s=96&d=mm&r=g","url":"https:\/\/secure.gravatar.com\/avatar\/163f6c65c8acab43fa062eaf19866aeb6d6c2adc4d5c2462700a89e6feec77a0?s=96&d=mm&r=g","height":96,"width":96}},"publisher":{"@type":"Organization","name":"artneon.cz","logo":{"@type":"ImageObject","@id":"\/logo.png","url":"\/logo.png","width":600,"height":60}},"image":{"@type":"ImageObject","@id":"https:\/\/www.artneon.cz\/wp-content\/uploads\/img_a352374_w3078_t1566936598.jpg","url":"https:\/\/www.artneon.cz\/wp-content\/uploads\/img_a352374_w3078_t1566936598.jpg","height":0,"width":0},"keywords":null},{"@type":"Article","@id":"https:\/\/www.artneon.cz\/prace-vs-osobni-zivot-jak-se-vracet-domu-s-cistou-hlavou\/","headline":"Pr\u00e1ce vs. osobn\u00ed \u017eivot \u2013 jak se vracet dom\u016f s \u010distou hlavou","url":"https:\/\/www.artneon.cz\/prace-vs-osobni-zivot-jak-se-vracet-domu-s-cistou-hlavou\/","datePublished":"2019-01-16","dateModified":"2023-05-01","mainEntityOfPage":"https:\/\/www.artneon.cz\/prace-vs-osobni-zivot-jak-se-vracet-domu-s-cistou-hlavou\/","author":{"@type":"Person","@id":"https:\/\/www.artneon.cz\/author\/#Person","name":"","url":"https:\/\/www.artneon.cz\/author\/","identifier":1,"image":{"@type":"ImageObject","@id":"https:\/\/secure.gravatar.com\/avatar\/163f6c65c8acab43fa062eaf19866aeb6d6c2adc4d5c2462700a89e6feec77a0?s=96&d=mm&r=g","url":"https:\/\/secure.gravatar.com\/avatar\/163f6c65c8acab43fa062eaf19866aeb6d6c2adc4d5c2462700a89e6feec77a0?s=96&d=mm&r=g","height":96,"width":96}},"publisher":{"@type":"Organization","name":"artneon.cz","logo":{"@type":"ImageObject","@id":"\/logo.png","url":"\/logo.png","width":600,"height":60}},"image":{"@type":"ImageObject","@id":"https:\/\/www.artneon.cz\/wp-content\/uploads\/img_a339603_w1698_t1552764011.jpg","url":"https:\/\/www.artneon.cz\/wp-content\/uploads\/img_a339603_w1698_t1552764011.jpg","height":0,"width":0},"keywords":null}]}