[{"@context":"https:\/\/schema.org\/","@type":"Blog","@id":"https:\/\/www.artneon.cz#Blog","headline":"Artneon","description":"\nNeda\u0159\u00ed se v\u00e1m nic z toho, na co s\u00e1hnete? Pak se k n\u00e1m p\u0159ij\u010fte inspirovat, jak tento neuspokojiv\u00fd stav v\u011bc\u00ed co nejefektivn\u011bji zm\u011bnit k lep\u0161\u00edmu.","url":"https:\/\/www.artneon.cz","hasPart":[{"@type":"Article","@id":"https:\/\/www.artneon.cz\/hypoteka-na-bydleni\/","headline":"Hypot\u00e9ka na bydlen\u00ed","url":"https:\/\/www.artneon.cz\/hypoteka-na-bydleni\/","datePublished":"2025-06-12","dateModified":"2025-06-12","mainEntityOfPage":"https:\/\/www.artneon.cz\/hypoteka-na-bydleni\/","author":{"@type":"Person","@id":"https:\/\/www.artneon.cz\/author\/#Person","name":"","url":"https:\/\/www.artneon.cz\/author\/","identifier":1,"image":{"@type":"ImageObject","@id":"https:\/\/secure.gravatar.com\/avatar\/163f6c65c8acab43fa062eaf19866aeb6d6c2adc4d5c2462700a89e6feec77a0?s=96&d=mm&r=g","url":"https:\/\/secure.gravatar.com\/avatar\/163f6c65c8acab43fa062eaf19866aeb6d6c2adc4d5c2462700a89e6feec77a0?s=96&d=mm&r=g","height":96,"width":96}},"publisher":{"@type":"Organization","name":"artneon.cz","logo":{"@type":"ImageObject","@id":"\/logo.png","url":"\/logo.png","width":600,"height":60}},"image":{"@type":"ImageObject","@id":"https:\/\/www.artneon.cz\/wp-content\/uploads\/money-4867813_640_1.jpg","url":"https:\/\/www.artneon.cz\/wp-content\/uploads\/money-4867813_640_1.jpg","height":0,"width":0},"wordCount":513,"keywords":null},{"@type":"Article","@id":"https:\/\/www.artneon.cz\/firemni-obleceni-jako-bonus\/","headline":"Firemn\u00ed oble\u010den\u00ed jako bonus","url":"https:\/\/www.artneon.cz\/firemni-obleceni-jako-bonus\/","datePublished":"2025-06-11","dateModified":"2025-06-11","mainEntityOfPage":"https:\/\/www.artneon.cz\/firemni-obleceni-jako-bonus\/","author":{"@type":"Person","@id":"https:\/\/www.artneon.cz\/author\/#Person","name":"","url":"https:\/\/www.artneon.cz\/author\/","identifier":1,"image":{"@type":"ImageObject","@id":"https:\/\/secure.gravatar.com\/avatar\/163f6c65c8acab43fa062eaf19866aeb6d6c2adc4d5c2462700a89e6feec77a0?s=96&d=mm&r=g","url":"https:\/\/secure.gravatar.com\/avatar\/163f6c65c8acab43fa062eaf19866aeb6d6c2adc4d5c2462700a89e6feec77a0?s=96&d=mm&r=g","height":96,"width":96}},"publisher":{"@type":"Organization","name":"artneon.cz","logo":{"@type":"ImageObject","@id":"\/logo.png","url":"\/logo.png","width":600,"height":60}},"image":{"@type":"ImageObject","@id":"https:\/\/www.artneon.cz\/wp-content\/uploads\/dress-4752316_640_9.jpg","url":"https:\/\/www.artneon.cz\/wp-content\/uploads\/dress-4752316_640_9.jpg","height":0,"width":0},"wordCount":543,"keywords":null},{"@type":"Article","@id":"https:\/\/www.artneon.cz\/netiskne-vam-tiskarna\/","headline":"Netiskne V\u00e1m tisk\u00e1rna?","url":"https:\/\/www.artneon.cz\/netiskne-vam-tiskarna\/","datePublished":"2025-04-27","dateModified":"2025-04-27","mainEntityOfPage":"https:\/\/www.artneon.cz\/netiskne-vam-tiskarna\/","author":{"@type":"Person","@id":"https:\/\/www.artneon.cz\/author\/#Person","name":"","url":"https:\/\/www.artneon.cz\/author\/","identifier":1,"image":{"@type":"ImageObject","@id":"https:\/\/secure.gravatar.com\/avatar\/163f6c65c8acab43fa062eaf19866aeb6d6c2adc4d5c2462700a89e6feec77a0?s=96&d=mm&r=g","url":"https:\/\/secure.gravatar.com\/avatar\/163f6c65c8acab43fa062eaf19866aeb6d6c2adc4d5c2462700a89e6feec77a0?s=96&d=mm&r=g","height":96,"width":96}},"publisher":{"@type":"Organization","name":"artneon.cz","logo":{"@type":"ImageObject","@id":"\/logo.png","url":"\/logo.png","width":600,"height":60}},"image":null,"wordCount":225,"keywords":null},{"@type":"Article","@id":"https:\/\/www.artneon.cz\/nase-stresni-okna-to-je-kvalita-za-rozumnou-cenu\/","headline":"Na\u0161e st\u0159e\u0161n\u00ed okna, to je kvalita za rozumnou cenu","url":"https:\/\/www.artneon.cz\/nase-stresni-okna-to-je-kvalita-za-rozumnou-cenu\/","datePublished":"2025-04-18","dateModified":"2025-04-18","mainEntityOfPage":"https:\/\/www.artneon.cz\/nase-stresni-okna-to-je-kvalita-za-rozumnou-cenu\/","author":{"@type":"Person","@id":"https:\/\/www.artneon.cz\/author\/#Person","name":"","url":"https:\/\/www.artneon.cz\/author\/","identifier":1,"image":{"@type":"ImageObject","@id":"https:\/\/secure.gravatar.com\/avatar\/163f6c65c8acab43fa062eaf19866aeb6d6c2adc4d5c2462700a89e6feec77a0?s=96&d=mm&r=g","url":"https:\/\/secure.gravatar.com\/avatar\/163f6c65c8acab43fa062eaf19866aeb6d6c2adc4d5c2462700a89e6feec77a0?s=96&d=mm&r=g","height":96,"width":96}},"publisher":{"@type":"Organization","name":"artneon.cz","logo":{"@type":"ImageObject","@id":"\/logo.png","url":"\/logo.png","width":600,"height":60}},"image":null,"wordCount":236,"keywords":null},{"@type":"Article","@id":"https:\/\/www.artneon.cz\/ano-jedna-se-o-bungalov\/","headline":"Ano, jedn\u00e1 se o bungalov","url":"https:\/\/www.artneon.cz\/ano-jedna-se-o-bungalov\/","datePublished":"2025-04-15","dateModified":"2025-04-15","mainEntityOfPage":"https:\/\/www.artneon.cz\/ano-jedna-se-o-bungalov\/","author":{"@type":"Person","@id":"https:\/\/www.artneon.cz\/author\/#Person","name":"","url":"https:\/\/www.artneon.cz\/author\/","identifier":1,"image":{"@type":"ImageObject","@id":"https:\/\/secure.gravatar.com\/avatar\/163f6c65c8acab43fa062eaf19866aeb6d6c2adc4d5c2462700a89e6feec77a0?s=96&d=mm&r=g","url":"https:\/\/secure.gravatar.com\/avatar\/163f6c65c8acab43fa062eaf19866aeb6d6c2adc4d5c2462700a89e6feec77a0?s=96&d=mm&r=g","height":96,"width":96}},"publisher":{"@type":"Organization","name":"artneon.cz","logo":{"@type":"ImageObject","@id":"\/logo.png","url":"\/logo.png","width":600,"height":60}},"image":{"@type":"ImageObject","@id":"https:\/\/www.artneon.cz\/wp-content\/uploads\/firemn%C3%AD%20sva%C4%8Dinka_10_10_4.jpg","url":"https:\/\/www.artneon.cz\/wp-content\/uploads\/firemn%C3%AD%20sva%C4%8Dinka_10_10_4.jpg","height":0,"width":0},"wordCount":599,"keywords":null},{"@type":"Article","@id":"https:\/\/www.artneon.cz\/bez-postupovych-striznych-nastroju-by-to-neslo\/","headline":"Bez postupov\u00fdch st\u0159i\u017en\u00fdch n\u00e1stroj\u016f by to ne\u0161lo","url":"https:\/\/www.artneon.cz\/bez-postupovych-striznych-nastroju-by-to-neslo\/","datePublished":"2025-04-14","dateModified":"2025-04-14","mainEntityOfPage":"https:\/\/www.artneon.cz\/bez-postupovych-striznych-nastroju-by-to-neslo\/","author":{"@type":"Person","@id":"https:\/\/www.artneon.cz\/author\/#Person","name":"","url":"https:\/\/www.artneon.cz\/author\/","identifier":1,"image":{"@type":"ImageObject","@id":"https:\/\/secure.gravatar.com\/avatar\/163f6c65c8acab43fa062eaf19866aeb6d6c2adc4d5c2462700a89e6feec77a0?s=96&d=mm&r=g","url":"https:\/\/secure.gravatar.com\/avatar\/163f6c65c8acab43fa062eaf19866aeb6d6c2adc4d5c2462700a89e6feec77a0?s=96&d=mm&r=g","height":96,"width":96}},"publisher":{"@type":"Organization","name":"artneon.cz","logo":{"@type":"ImageObject","@id":"\/logo.png","url":"\/logo.png","width":600,"height":60}},"image":{"@type":"ImageObject","@id":"https:\/\/www.artneon.cz\/wp-content\/uploads\/engine-2647973_640.jpg","url":"https:\/\/www.artneon.cz\/wp-content\/uploads\/engine-2647973_640.jpg","height":0,"width":0},"wordCount":538,"keywords":null},{"@type":"Article","@id":"https:\/\/www.artneon.cz\/krasny-relaxacni-pobyt\/","headline":"Kr\u00e1sn\u00fd relaxa\u010dn\u00ed pobyt","url":"https:\/\/www.artneon.cz\/krasny-relaxacni-pobyt\/","datePublished":"2025-04-14","dateModified":"2025-04-14","mainEntityOfPage":"https:\/\/www.artneon.cz\/krasny-relaxacni-pobyt\/","author":{"@type":"Person","@id":"https:\/\/www.artneon.cz\/author\/#Person","name":"","url":"https:\/\/www.artneon.cz\/author\/","identifier":1,"image":{"@type":"ImageObject","@id":"https:\/\/secure.gravatar.com\/avatar\/163f6c65c8acab43fa062eaf19866aeb6d6c2adc4d5c2462700a89e6feec77a0?s=96&d=mm&r=g","url":"https:\/\/secure.gravatar.com\/avatar\/163f6c65c8acab43fa062eaf19866aeb6d6c2adc4d5c2462700a89e6feec77a0?s=96&d=mm&r=g","height":96,"width":96}},"publisher":{"@type":"Organization","name":"artneon.cz","logo":{"@type":"ImageObject","@id":"\/logo.png","url":"\/logo.png","width":600,"height":60}},"image":null,"wordCount":224,"keywords":null},{"@type":"Article","@id":"https:\/\/www.artneon.cz\/mame-vyzkouseno\/","headline":"M\u00e1me vyzkou\u0161eno","url":"https:\/\/www.artneon.cz\/mame-vyzkouseno\/","datePublished":"2025-04-03","dateModified":"2025-04-03","mainEntityOfPage":"https:\/\/www.artneon.cz\/mame-vyzkouseno\/","author":{"@type":"Person","@id":"https:\/\/www.artneon.cz\/author\/#Person","name":"","url":"https:\/\/www.artneon.cz\/author\/","identifier":1,"image":{"@type":"ImageObject","@id":"https:\/\/secure.gravatar.com\/avatar\/163f6c65c8acab43fa062eaf19866aeb6d6c2adc4d5c2462700a89e6feec77a0?s=96&d=mm&r=g","url":"https:\/\/secure.gravatar.com\/avatar\/163f6c65c8acab43fa062eaf19866aeb6d6c2adc4d5c2462700a89e6feec77a0?s=96&d=mm&r=g","height":96,"width":96}},"publisher":{"@type":"Organization","name":"artneon.cz","logo":{"@type":"ImageObject","@id":"\/logo.png","url":"\/logo.png","width":600,"height":60}},"image":null,"wordCount":218,"keywords":null},{"@type":"Article","@id":"https:\/\/www.artneon.cz\/lekarna\/","headline":"L\u00e9k\u00e1rna","url":"https:\/\/www.artneon.cz\/lekarna\/","datePublished":"2025-03-27","dateModified":"2025-03-27","mainEntityOfPage":"https:\/\/www.artneon.cz\/lekarna\/","author":{"@type":"Person","@id":"https:\/\/www.artneon.cz\/author\/#Person","name":"","url":"https:\/\/www.artneon.cz\/author\/","identifier":1,"image":{"@type":"ImageObject","@id":"https:\/\/secure.gravatar.com\/avatar\/163f6c65c8acab43fa062eaf19866aeb6d6c2adc4d5c2462700a89e6feec77a0?s=96&d=mm&r=g","url":"https:\/\/secure.gravatar.com\/avatar\/163f6c65c8acab43fa062eaf19866aeb6d6c2adc4d5c2462700a89e6feec77a0?s=96&d=mm&r=g","height":96,"width":96}},"publisher":{"@type":"Organization","name":"artneon.cz","logo":{"@type":"ImageObject","@id":"\/logo.png","url":"\/logo.png","width":600,"height":60}},"image":null,"wordCount":212,"keywords":null},{"@type":"Article","@id":"https:\/\/www.artneon.cz\/co-se-deje-ve-chvili-nebezpeci\/","headline":"Co se d\u011bje ve chv\u00edli nebezpe\u010d\u00ed?","url":"https:\/\/www.artneon.cz\/co-se-deje-ve-chvili-nebezpeci\/","datePublished":"2025-03-25","dateModified":"2025-03-25","mainEntityOfPage":"https:\/\/www.artneon.cz\/co-se-deje-ve-chvili-nebezpeci\/","author":{"@type":"Person","@id":"https:\/\/www.artneon.cz\/author\/#Person","name":"","url":"https:\/\/www.artneon.cz\/author\/","identifier":1,"image":{"@type":"ImageObject","@id":"https:\/\/secure.gravatar.com\/avatar\/163f6c65c8acab43fa062eaf19866aeb6d6c2adc4d5c2462700a89e6feec77a0?s=96&d=mm&r=g","url":"https:\/\/secure.gravatar.com\/avatar\/163f6c65c8acab43fa062eaf19866aeb6d6c2adc4d5c2462700a89e6feec77a0?s=96&d=mm&r=g","height":96,"width":96}},"publisher":{"@type":"Organization","name":"artneon.cz","logo":{"@type":"ImageObject","@id":"\/logo.png","url":"\/logo.png","width":600,"height":60}},"image":{"@type":"ImageObject","@id":"https:\/\/www.artneon.cz\/wp-content\/uploads\/parachute-5408876_640_5.jpg","url":"https:\/\/www.artneon.cz\/wp-content\/uploads\/parachute-5408876_640_5.jpg","height":0,"width":0},"wordCount":623,"keywords":null}]},{"@context":"https:\/\/schema.org","@type":"WebSite","@id":"https:\/\/www.artneon.cz\/#website","name":"Artneon","url":"https:\/\/www.artneon.cz","potentialAction":{"@type":"SearchAction","target":"https:\/\/www.artneon.cz\/?s={search_term_string}","query-input":"required name=search_term_string"}}]