[{"@context":"https:\/\/schema.org\/","@type":"Article","@id":"https:\/\/www.artneon.cz\/pozor-na-historicke-textilie\/#Article","mainEntityOfPage":"https:\/\/www.artneon.cz\/pozor-na-historicke-textilie\/","headline":"Pozor na historick\u00e9 textilie","name":"Pozor na historick\u00e9 textilie","description":"Jako mal\u00e1 holka jsem moc r\u00e1da pracovala s l\u00e1tkama. Tak\u00e9 jsem moc r\u00e1da \u0161ila a vy\u0161\u00edvala. P\u0159e\u0161\u00edvala a samoz\u0159ejm\u011b abych se to nau\u010dila, tak jsem si musela sehnat tak\u00e9 \u0161ic\u00ed stroj a jako mal\u00e1 holka jsem r\u00e1da d\u011blala r\u016fzn\u00e9 v\u011bci. T\u0159eba jsem jenom d\u011blala n\u011bjak\u00e9 ornamenty na l\u00e1tky a tak podobn\u011b. A pozd\u011bji, kdy\u017e jsem...","datePublished":"2025-12-11","dateModified":"2025-12-11","author":{"@type":"Person","@id":"https:\/\/www.artneon.cz\/author\/#Person","name":"","url":"https:\/\/www.artneon.cz\/author\/","identifier":1,"image":{"@type":"ImageObject","@id":"https:\/\/secure.gravatar.com\/avatar\/163f6c65c8acab43fa062eaf19866aeb6d6c2adc4d5c2462700a89e6feec77a0?s=96&d=mm&r=g","url":"https:\/\/secure.gravatar.com\/avatar\/163f6c65c8acab43fa062eaf19866aeb6d6c2adc4d5c2462700a89e6feec77a0?s=96&d=mm&r=g","height":96,"width":96}},"publisher":{"@type":"Organization","name":"artneon.cz","logo":{"@type":"ImageObject","@id":"\/logo.png","url":"\/logo.png","width":600,"height":60}},"image":{"@type":"ImageObject","@id":"https:\/\/www.artneon.cz\/wp-content\/uploads\/british-museum-5200528_640.jpg","url":"https:\/\/www.artneon.cz\/wp-content\/uploads\/british-museum-5200528_640.jpg","height":0,"width":0},"url":"https:\/\/www.artneon.cz\/pozor-na-historicke-textilie\/","about":["Slu\u017eby"],"wordCount":402,"articleBody":"   Jako mal\u00e1 holka jsem moc r\u00e1da pracovala s l\u00e1tkama. Tak\u00e9 jsem moc r\u00e1da \u0161ila a vy\u0161\u00edvala. P\u0159e\u0161\u00edvala a samoz\u0159ejm\u011b abych se to nau\u010dila, tak jsem si musela sehnat tak\u00e9 \u0161ic\u00ed stroj a jako mal\u00e1 holka jsem r\u00e1da d\u011blala r\u016fzn\u00e9 v\u011bci. T\u0159eba jsem jenom d\u011blala n\u011bjak\u00e9 ornamenty na l\u00e1tky a tak podobn\u011b. A pozd\u011bji, kdy\u017e jsem vystudovala tak\u00e9 textiln\u00ed \u0161kolu, tak jsem se potom dala na pr\u00e1ci, abych mohla pracovat v divadle sice ano, cht\u011bla jsem b\u00fdt here\u010dka p\u0159\u00edmo divadeln\u00ed here\u010dka, ale bohu\u017eel tohle se mi v\u016fbec nepoda\u0159ilo. Tak jsem se dala na kostym\u00e9rku.Tam jsem se tak\u00e9 starala o textilie. \u010cistila jsem tak\u00e9 klasick\u00e9 textilie a tak\u00e9 historick\u00e9 textilie. \u010ci\u0161t\u011bn\u00ed historick\u00fdch textili\u00ed https:\/\/atelierytapiserii.cz\/cisteni\/ je velice n\u00e1ro\u010dn\u00e9 a je to velice zodpov\u011bdn\u00e1 pr\u00e1ce. Vy s t\u00edmhle mus\u00edte um\u011bt zach\u00e1zet. Nem\u016f\u017eete pou\u017e\u00edt jenom tak n\u011bjak\u00e9 n\u00e1stroje nebo \u010dist\u00edc\u00ed prost\u0159edky, proto\u017ee historick\u00e9 textilie jsou n\u00e1ro\u010dn\u00e9 na \u00fadr\u017ebu a tak\u00e9 jsou velice citliv\u00e9. Pokud byste pou\u017eili n\u011bco \u0161kodliv\u00e9ho nebo n\u011bjak\u00e9 savo a podobn\u011b, tak byste ur\u010dit\u011b historick\u00e9 textilie poni\u010dili a mysl\u00edm si, \u017ee majitel nebo divadlo historick\u00fdch textili\u00ed by nebyli v\u016fbec spokojeni. Tak si mysl\u00edm, \u017ee ka\u017ed\u00fd \u010dlov\u011bk, kter\u00fd se stala o kost\u00fdmy nebo o historick\u00e9 textilie, tak na to mus\u00ed b\u00fdt tak\u00e9 \u0161kolen\u00fd.Jinak by to asi nebylo ono, pokud i vy hled\u00e1te opravdu origin\u00e1ln\u00ed zam\u011bstn\u00e1n\u00ed, tak samoz\u0159ejm\u011b \u017ee m\u016f\u017eete bydlet pracovat IV \u010dist\u00edrn\u011b. M\u016f\u017eete tam \u010distit jak klasick\u00e9 oble\u010den\u00ed. Tak\u00e9 samoz\u0159ejm\u011b kabelky nebo v neposledn\u00ed \u0159ad\u011b tak\u00e9 \u010distit historick\u00e9 textilie. Je to opravdu z\u00e1slu\u017en\u00e1 a z\u00e1bavn\u00e1 a hlavn\u011b zaj\u00edmav\u00e1 pr\u00e1ce. M\u011b tato pr\u00e1ce opravdu hodn\u011b bav\u00ed. D\u0159\u00edve jsem tohle cht\u011bla d\u011blat a jsem r\u00e1da, \u017ee i takhle mi to vy\u0161lo i cenov\u011b. Je to dob\u0159e ohodnocen\u00e9, pokud i vy m\u00e1te n\u011bjak\u00e9 historick\u00e9 textilie a chcete je nechat vy\u010distit, tak hledejte v\u017edy jenom origin\u00e1ln\u00ed. Kter\u00e1 se t\u00edm zab\u00fdv\u00e1, kter\u00e1 v\u00e1m vy\u010dist\u00ed opravdu \u0161etrn\u011b va\u0161e historick\u00e9 textilie.                                                                                                                                                                                                                                                                                                                                                                                           1.5\/5 - (2 votes)        "},{"@context":"https:\/\/schema.org\/","@type":"BreadcrumbList","itemListElement":[{"@type":"ListItem","position":1,"name":"Pozor na historick\u00e9 textilie","item":"https:\/\/www.artneon.cz\/pozor-na-historicke-textilie\/#breadcrumbitem"}]}]