[{"@context":"https:\/\/schema.org\/","@type":"Article","@id":"https:\/\/www.artneon.cz\/v-ceske-republice-jsou-jak-nezamestnani-tak-i-volna-mista\/#Article","mainEntityOfPage":"https:\/\/www.artneon.cz\/v-ceske-republice-jsou-jak-nezamestnani-tak-i-volna-mista\/","headline":"V \u010cesk\u00e9 republice jsou jak nezam\u011bstnan\u00ed, tak i voln\u00e1 m\u00edsta","name":"V \u010cesk\u00e9 republice jsou jak nezam\u011bstnan\u00ed, tak i voln\u00e1 m\u00edsta","description":"A\u0165 to vezmeme z kter\u00e9hokoliv \u00fahlu pohledu, v\u017edy n\u00e1m vyjde, \u017ee se bez pen\u011bz ned\u00e1 \u017e\u00edt. A pokud nem\u00e1me mo\u017enost \u010derpat n\u011bjak\u00e9 tu\u010dn\u00e9 konto, nezb\u00fdv\u00e1 n\u00e1m nic jin\u00e9ho ne\u017eli prost\u011b pracovat. \u00b7 Krize, spojen\u00e1 s nedostatkem pracovn\u00edch m\u00edst, kter\u00e1 byla v \u010cesk\u00e9 republice p\u0159ed n\u011bkolika lety, u\u017e d\u00e1vno pominula. \u00b7 A dalo by se \u0159\u00edci,...","datePublished":"2025-03-03","dateModified":"2023-05-01","author":{"@type":"Person","@id":"https:\/\/www.artneon.cz\/author\/#Person","name":"","url":"https:\/\/www.artneon.cz\/author\/","identifier":1,"image":{"@type":"ImageObject","@id":"https:\/\/secure.gravatar.com\/avatar\/163f6c65c8acab43fa062eaf19866aeb6d6c2adc4d5c2462700a89e6feec77a0?s=96&d=mm&r=g","url":"https:\/\/secure.gravatar.com\/avatar\/163f6c65c8acab43fa062eaf19866aeb6d6c2adc4d5c2462700a89e6feec77a0?s=96&d=mm&r=g","height":96,"width":96}},"publisher":{"@type":"Organization","name":"artneon.cz","logo":{"@type":"ImageObject","@id":"\/logo.png","url":"\/logo.png","width":600,"height":60}},"image":{"@type":"ImageObject","@id":"https:\/\/www.artneon.cz\/wp-content\/uploads\/img_a332126_w2715_t1544790932.jpg","url":"https:\/\/www.artneon.cz\/wp-content\/uploads\/img_a332126_w2715_t1544790932.jpg","height":0,"width":0},"url":"https:\/\/www.artneon.cz\/v-ceske-republice-jsou-jak-nezamestnani-tak-i-volna-mista\/","wordCount":410,"articleBody":" A\u0165 to vezmeme z kter\u00e9hokoliv \u00fahlu pohledu, v\u017edy n\u00e1m vyjde, \u017ee se bez pen\u011bz ned\u00e1 \u017e\u00edt. A pokud nem\u00e1me mo\u017enost \u010derpat n\u011bjak\u00e9 tu\u010dn\u00e9 konto, nezb\u00fdv\u00e1 n\u00e1m nic jin\u00e9ho ne\u017eli prost\u011b pracovat. \u00b7 Krize, spojen\u00e1 s nedostatkem pracovn\u00edch m\u00edst, kter\u00e1 byla v \u010cesk\u00e9 republice p\u0159ed n\u011bkolika lety, u\u017e d\u00e1vno pominula. \u00b7 A dalo by se \u0159\u00edci, \u017ee se p\u0159est\u011bhovala na druhou stranu barik\u00e1dy. P\u0159ed deseti, patn\u00e1cti lety, nebylo mo\u017en\u00e9 zavadit o pr\u00e1ci a v sou\u010dasn\u00e9 dob\u011b zam\u011bstnavatel\u00e9 nemohou sehnat pracovn\u00edky. &#8211; Jak je to mo\u017en\u00e9? \u00b7 Odborn\u00edci se shoduj\u00ed na tom, \u017ee nejv\u011bt\u0161\u00edm probl\u00e9mem je nedostate\u010dn\u00e1 kvalifikace. \u00b7 Lidem nechyb\u00ed vzd\u011bl\u00e1n\u00ed, ale v\u011bt\u0161inou nen\u00ed vhodn\u00e9 pr\u00e1v\u011b na nab\u00edzenou pozici.  Na trhu pr\u00e1ce v\u011bt\u0161inou zam\u011bstnavatel\u00e9 moment\u00e1ln\u011b postr\u00e1daj\u00ed \u0159emesla, kter\u00fdmi jsou nap\u0159\u00edklad &#8211; zedn\u00edci &#8211; z\u00e1me\u010dn\u00edci &#8211; automechanici &#8211; n\u00e1stroj\u00e1\u0159i &#8211; obr\u00e1b\u011b\u010di. Velk\u00fd z\u00e1jem je i o \u0159idi\u010de. A to jak d\u00e1lkov\u00e9, tak i m\u011bstsk\u00e9 dopravy. Popt\u00e1vka je i po u\u010ditel\u00edch (v\u011bt\u0161inou mate\u0159sk\u00fdch \u0161kol), v\u0161eobecn\u00fdch l\u00e9ka\u0159\u00edch nebo program\u00e1torech.  Velkou \u0161anc\u00ed jsou brig\u00e1dy Mnoho nezam\u011bstnan\u00fdch je hl\u00e1\u0161eno na \u00fa\u0159adu pr\u00e1ce i kdy\u017e vykon\u00e1vaj\u00ed n\u011bjakou placenou \u010dinnost. Ta je ov\u0161em bez smlouvy, a tud\u00ed\u017e bez ohl\u00e1\u0161en\u00ed \u00fa\u0159ad\u016fm. Vedou je k tomu rozli\u010dn\u00e9 d\u016fvody. Mezi ty nej\u010dast\u011bj\u0161\u00ed pat\u0159\u00ed hroz\u00edc\u00ed nebo u\u017e prob\u00edhaj\u00edc\u00edch exekuce. Cht\u011bj\u00ed si tak ochr\u00e1nit svou mzdu. \u00b7 Nezam\u011bstnan\u00ed, kte\u0159\u00ed jsou vy\u0161\u0161\u00edho v\u011bku, se tak\u00e9 \u010dasto necht\u011bj\u00ed u\u010dit nov\u00fdm v\u011bcem anebo za prac\u00ed doj\u00ed\u017ed\u011bt. \u00b7 A to sni\u017euje jejich \u0161ance na trhu pr\u00e1ce. \u00b7 P\u0159itom \u00fa\u0159ad pr\u00e1ce je z\u00e1jemc\u016fm ochoten zajistit p\u0159\u00edsp\u011bvky na doj\u00ed\u017ed\u011bn\u00ed, p\u0159est\u011bhov\u00e1n\u00ed se za prac\u00ed anebo i vy\u0159\u00eddit zdarma rekvalifika\u010dn\u00ed kurz.  Jedn\u00edm z \u0159e\u0161en\u00ed jsou pro ob\u011b strany, jak nezam\u011bstnan\u00e9, tak zam\u011bstnavatele, brig\u00e1dy.Je sice pravda, \u017ee tato \u010dinnost se do d\u016fchodov\u00e9ho v\u011bku nezapo\u010d\u00edt\u00e1v\u00e1, ale je to alespo\u0148 pomoc v nouzi. &#8211; Zejm\u00e9na p\u0159ed V\u00e1noci se o brig\u00e1dn\u00edky n\u011bkter\u00e9 firmy doslova perou.                                                                                                                                                                                                                                                                                                                                                                                         3.9\/5 - (12 votes)        "},{"@context":"https:\/\/schema.org\/","@type":"BreadcrumbList","itemListElement":[{"@type":"ListItem","position":1,"name":"V \u010cesk\u00e9 republice jsou jak nezam\u011bstnan\u00ed, tak i voln\u00e1 m\u00edsta","item":"https:\/\/www.artneon.cz\/v-ceske-republice-jsou-jak-nezamestnani-tak-i-volna-mista\/#breadcrumbitem"}]}]